{"id":9841,"date":"2019-11-01T15:52:15","date_gmt":"2019-11-01T18:52:15","guid":{"rendered":"http:\/\/uab.ufsc.br\/?p=9841"},"modified":"2019-11-01T15:52:15","modified_gmt":"2019-11-01T18:52:15","slug":"selecao-de-estagiarios-resultado-6","status":"publish","type":"post","link":"https:\/\/nute.ufsc.br\/uab\/2019\/11\/01\/selecao-de-estagiarios-resultado-6\/","title":{"rendered":"Sele\u00e7\u00e3o de Estagi\u00e1rios: Resultado (Vagas Trindade)"},"content":{"rendered":"<p>O Coordenador Adjunto da Universidade Aberta do Brasil torna p\u00fablico o resultado para a <strong>CHAMADA P\u00daBLICA 040\/2019<\/strong>, com o objetivo de selecionar ESTAGI\u00c1RIOS, com a finalidade de desenvolver atividades nos cursos vinculados \u00e0 Universidade Aberta do Brasil (UAB\/UFSC) e \u00e0 Secretaria de Educa\u00e7\u00e3o a Dist\u00e2ncia &#8211; SEAD.<!--more--><\/p>\n<p style=\"text-align: center\"><a href=\"http:\/\/nute.ufsc.br\/uab\/wp-content\/uploads\/2019\/11\/40-19-Resultado-Trindade-ASSINADO.pdf\">Publica\u00e7\u00e3o: Resultado (Vagas Trindade) &#8211; Edital n\u00ba 040\/SEAD\/UFSC\/2019<\/a><\/p>\n","protected":false},"excerpt":{"rendered":"<p>O Coordenador Adjunto da Universidade Aberta do Brasil torna p\u00fablico o resultado para a CHAMADA P\u00daBLICA 040\/2019, com o objetivo de selecionar ESTAGI\u00c1RIOS, com a finalidade de desenvolver atividades nos cursos vinculados \u00e0 Universidade Aberta do Brasil (UAB\/UFSC) e \u00e0 Secretaria de Educa\u00e7\u00e3o a Dist\u00e2ncia &#8211; SEAD.<\/p>\n","protected":false},"author":1,"featured_media":0,"comment_status":"closed","ping_status":"open","sticky":false,"template":"","format":"standard","meta":{"_et_pb_use_builder":"","_et_pb_old_content":"","_et_gb_content_width":"","inline_featured_image":false,"footnotes":""},"categories":[8,10],"tags":[],"class_list":["post-9841","post","type-post","status-publish","format-standard","hentry","category-destaque","category-editais"],"_links":{"self":[{"href":"https:\/\/nute.ufsc.br\/uab\/wp-json\/wp\/v2\/posts\/9841","targetHints":{"allow":["GET"]}}],"collection":[{"href":"https:\/\/nute.ufsc.br\/uab\/wp-json\/wp\/v2\/posts"}],"about":[{"href":"https:\/\/nute.ufsc.br\/uab\/wp-json\/wp\/v2\/types\/post"}],"author":[{"embeddable":true,"href":"https:\/\/nute.ufsc.br\/uab\/wp-json\/wp\/v2\/users\/1"}],"replies":[{"embeddable":true,"href":"https:\/\/nute.ufsc.br\/uab\/wp-json\/wp\/v2\/comments?post=9841"}],"version-history":[{"count":0,"href":"https:\/\/nute.ufsc.br\/uab\/wp-json\/wp\/v2\/posts\/9841\/revisions"}],"wp:attachment":[{"href":"https:\/\/nute.ufsc.br\/uab\/wp-json\/wp\/v2\/media?parent=9841"}],"wp:term":[{"taxonomy":"category","embeddable":true,"href":"https:\/\/nute.ufsc.br\/uab\/wp-json\/wp\/v2\/categories?post=9841"},{"taxonomy":"post_tag","embeddable":true,"href":"https:\/\/nute.ufsc.br\/uab\/wp-json\/wp\/v2\/tags?post=9841"}],"curies":[{"name":"wp","href":"https:\/\/api.w.org\/{rel}","templated":true}]}}