{"id":724,"date":"2009-04-23T14:05:47","date_gmt":"2009-04-23T17:05:47","guid":{"rendered":"http:\/\/www.ead.ufsc.br\/2009\/04\/22\/processo-seletivo-do-curso-de-formacao-de-professores-de-matematica\/"},"modified":"2009-04-23T14:05:47","modified_gmt":"2009-04-23T17:05:47","slug":"processo-seletivo-do-curso-de-formacao-de-professores-de-matematica","status":"publish","type":"post","link":"https:\/\/nute.ufsc.br\/uab\/2009\/04\/23\/processo-seletivo-do-curso-de-formacao-de-professores-de-matematica\/","title":{"rendered":"Processo Seletivo do curso de Forma\u00e7\u00e3o de Professores em Matem\u00e1tica"},"content":{"rendered":"<p>Est\u00e3o abertas, no per\u00edodo de 27 de mar\u00e7o de 2009 a 24 de abril de 2009, as inscri\u00e7\u00f5es para o processo seletivo do curso de especializa\u00e7\u00e3o em Matem\u00e1tica.<\/p>\n<p>Veja o <a title=\"editalespecializacao.pdf\" href=\"http:\/\/nute.ufsc.br\/uab\/wp-content\/uploads\/2009\/03\/editalespecializacao.pdf\">edital<\/a>.<\/p>\n<p><a title=\"inscricoes.html\" href=\"http:\/\/www.ead.ufsc.br\/files\/2009\/03\/inscricoes.html\">Inscreva-se aqui.<\/a><\/p>\n<p>Para obter a<a title=\"segundavia.html\" href=\"http:\/\/www.ead.ufsc.br\/wp-content\/uploads\/2009\/03\/segundavia.html\"> <\/a>segunda via do boleto,<a title=\"segundavia.html\" href=\"http:\/\/www.ead.ufsc.br\/files\/2009\/03\/segundavia.html\"> clique aqui. <\/a><\/p>\n","protected":false},"excerpt":{"rendered":"<p>Est\u00e3o abertas, no per\u00edodo de 27 de mar\u00e7o de 2009 a 24 de abril de 2009, as inscri\u00e7\u00f5es para o processo seletivo do curso de especializa\u00e7\u00e3o em Matem\u00e1tica. Veja o edital. Inscreva-se aqui. Para obter a segunda via do boleto, clique aqui.<\/p>\n","protected":false},"author":1,"featured_media":0,"comment_status":"closed","ping_status":"closed","sticky":false,"template":"","format":"standard","meta":{"_et_pb_use_builder":"","_et_pb_old_content":"","_et_gb_content_width":"","inline_featured_image":false,"footnotes":""},"categories":[5,10,19],"tags":[],"class_list":["post-724","post","type-post","status-publish","format-standard","hentry","category-avisos","category-editais","category-noticias"],"_links":{"self":[{"href":"https:\/\/nute.ufsc.br\/uab\/wp-json\/wp\/v2\/posts\/724","targetHints":{"allow":["GET"]}}],"collection":[{"href":"https:\/\/nute.ufsc.br\/uab\/wp-json\/wp\/v2\/posts"}],"about":[{"href":"https:\/\/nute.ufsc.br\/uab\/wp-json\/wp\/v2\/types\/post"}],"author":[{"embeddable":true,"href":"https:\/\/nute.ufsc.br\/uab\/wp-json\/wp\/v2\/users\/1"}],"replies":[{"embeddable":true,"href":"https:\/\/nute.ufsc.br\/uab\/wp-json\/wp\/v2\/comments?post=724"}],"version-history":[{"count":0,"href":"https:\/\/nute.ufsc.br\/uab\/wp-json\/wp\/v2\/posts\/724\/revisions"}],"wp:attachment":[{"href":"https:\/\/nute.ufsc.br\/uab\/wp-json\/wp\/v2\/media?parent=724"}],"wp:term":[{"taxonomy":"category","embeddable":true,"href":"https:\/\/nute.ufsc.br\/uab\/wp-json\/wp\/v2\/categories?post=724"},{"taxonomy":"post_tag","embeddable":true,"href":"https:\/\/nute.ufsc.br\/uab\/wp-json\/wp\/v2\/tags?post=724"}],"curies":[{"name":"wp","href":"https:\/\/api.w.org\/{rel}","templated":true}]}}