{"id":7077,"date":"2017-10-16T09:57:59","date_gmt":"2017-10-16T11:57:59","guid":{"rendered":"http:\/\/ead.ufsc.br\/?p=7077"},"modified":"2017-10-16T09:57:59","modified_gmt":"2017-10-16T11:57:59","slug":"edital-de-transferencias-e-retornos-para-2018-1","status":"publish","type":"post","link":"https:\/\/nute.ufsc.br\/uab\/2017\/10\/16\/edital-de-transferencias-e-retornos-para-2018-1\/","title":{"rendered":"Edital de Transfer\u00eancias e Retornos para 2018\/1"},"content":{"rendered":"<p>O Departamento de Administra\u00e7\u00e3o Escolar (DAE) da UFSC divulgou o <a href=\"http:\/\/dae.ufsc.br\/2017\/10\/13\/vagas-para-transferencias-e-retornos-2018-1\/\" target=\"_blank\" rel=\"noopener\">Edital n\u00ba 35\/GD\/DAE\/2017<\/a>, referente \u00e0 admiss\u00e3o por transfer\u00eancias e retornos para o primeiro per\u00edodo letivo de 2018, com inscri\u00e7\u00f5es de 16 a 27\/10\/2017.<\/p>\n<p><a href=\"http:\/\/noticias.ufsc.br\/2017\/10\/ufsc-disponibiliza-3-001-vagas-de-transferencias-e-retornos-para-o-primeiro-semestre-de-2018\/\" target=\"_blank\" rel=\"noopener\">Clique aqui<\/a> para mais informa\u00e7\u00f5es.<\/p>\n","protected":false},"excerpt":{"rendered":"<p>O Departamento de Administra\u00e7\u00e3o Escolar (DAE) da UFSC divulgou o Edital n\u00ba 35\/GD\/DAE\/2017, referente \u00e0 admiss\u00e3o por transfer\u00eancias e retornos para o primeiro per\u00edodo letivo de 2018, com inscri\u00e7\u00f5es de 16 a 27\/10\/2017. Clique aqui para mais informa\u00e7\u00f5es.<\/p>\n","protected":false},"author":1,"featured_media":0,"comment_status":"closed","ping_status":"open","sticky":false,"template":"","format":"standard","meta":{"_et_pb_use_builder":"","_et_pb_old_content":"","_et_gb_content_width":"","inline_featured_image":false,"footnotes":""},"categories":[8,10,19],"tags":[],"class_list":["post-7077","post","type-post","status-publish","format-standard","hentry","category-destaque","category-editais","category-noticias"],"_links":{"self":[{"href":"https:\/\/nute.ufsc.br\/uab\/wp-json\/wp\/v2\/posts\/7077","targetHints":{"allow":["GET"]}}],"collection":[{"href":"https:\/\/nute.ufsc.br\/uab\/wp-json\/wp\/v2\/posts"}],"about":[{"href":"https:\/\/nute.ufsc.br\/uab\/wp-json\/wp\/v2\/types\/post"}],"author":[{"embeddable":true,"href":"https:\/\/nute.ufsc.br\/uab\/wp-json\/wp\/v2\/users\/1"}],"replies":[{"embeddable":true,"href":"https:\/\/nute.ufsc.br\/uab\/wp-json\/wp\/v2\/comments?post=7077"}],"version-history":[{"count":0,"href":"https:\/\/nute.ufsc.br\/uab\/wp-json\/wp\/v2\/posts\/7077\/revisions"}],"wp:attachment":[{"href":"https:\/\/nute.ufsc.br\/uab\/wp-json\/wp\/v2\/media?parent=7077"}],"wp:term":[{"taxonomy":"category","embeddable":true,"href":"https:\/\/nute.ufsc.br\/uab\/wp-json\/wp\/v2\/categories?post=7077"},{"taxonomy":"post_tag","embeddable":true,"href":"https:\/\/nute.ufsc.br\/uab\/wp-json\/wp\/v2\/tags?post=7077"}],"curies":[{"name":"wp","href":"https:\/\/api.w.org\/{rel}","templated":true}]}}