{"id":5713,"date":"2014-07-09T15:05:44","date_gmt":"2014-07-09T18:05:44","guid":{"rendered":"http:\/\/ead.ufsc.br\/?p=5713"},"modified":"2014-07-09T15:05:44","modified_gmt":"2014-07-09T18:05:44","slug":"memorando-circular-n-004daeprae2014","status":"publish","type":"post","link":"https:\/\/nute.ufsc.br\/uab\/2014\/07\/09\/memorando-circular-n-004daeprae2014\/","title":{"rendered":"Memorando Circular n\u00b0 004\/DAE\/PRAE\/2014"},"content":{"rendered":"<p>Divulga <a href=\"http:\/\/nute.ufsc.br\/uab\/wp-content\/uploads\/2014\/07\/Memo_viagens-de-estudos.pdf\">Memorando Circular n\u00b0 004\/DAE\/PRAE\/2014<\/a>, que orienta e estabelece prazos para a realiza\u00e7\u00e3o de viagens de estudos para os curso de gradua\u00e7\u00e3o.<\/p>\n","protected":false},"excerpt":{"rendered":"<p>Divulga Memorando Circular n\u00b0 004\/DAE\/PRAE\/2014, que orienta e estabelece prazos para a realiza\u00e7\u00e3o de viagens de estudos para os curso de gradua\u00e7\u00e3o.<\/p>\n","protected":false},"author":1,"featured_media":0,"comment_status":"closed","ping_status":"open","sticky":false,"template":"","format":"standard","meta":{"_et_pb_use_builder":"","_et_pb_old_content":"","_et_gb_content_width":"","inline_featured_image":false,"footnotes":""},"categories":[17],"tags":[],"class_list":["post-5713","post","type-post","status-publish","format-standard","hentry","category-memorandos"],"_links":{"self":[{"href":"https:\/\/nute.ufsc.br\/uab\/wp-json\/wp\/v2\/posts\/5713","targetHints":{"allow":["GET"]}}],"collection":[{"href":"https:\/\/nute.ufsc.br\/uab\/wp-json\/wp\/v2\/posts"}],"about":[{"href":"https:\/\/nute.ufsc.br\/uab\/wp-json\/wp\/v2\/types\/post"}],"author":[{"embeddable":true,"href":"https:\/\/nute.ufsc.br\/uab\/wp-json\/wp\/v2\/users\/1"}],"replies":[{"embeddable":true,"href":"https:\/\/nute.ufsc.br\/uab\/wp-json\/wp\/v2\/comments?post=5713"}],"version-history":[{"count":0,"href":"https:\/\/nute.ufsc.br\/uab\/wp-json\/wp\/v2\/posts\/5713\/revisions"}],"wp:attachment":[{"href":"https:\/\/nute.ufsc.br\/uab\/wp-json\/wp\/v2\/media?parent=5713"}],"wp:term":[{"taxonomy":"category","embeddable":true,"href":"https:\/\/nute.ufsc.br\/uab\/wp-json\/wp\/v2\/categories?post=5713"},{"taxonomy":"post_tag","embeddable":true,"href":"https:\/\/nute.ufsc.br\/uab\/wp-json\/wp\/v2\/tags?post=5713"}],"curies":[{"name":"wp","href":"https:\/\/api.w.org\/{rel}","templated":true}]}}