{"id":11515,"date":"2020-10-30T18:09:55","date_gmt":"2020-10-30T21:09:55","guid":{"rendered":"http:\/\/uab.ufsc.br\/?p=11515"},"modified":"2020-10-30T18:09:55","modified_gmt":"2020-10-30T21:09:55","slug":"selecao-de-estagiarios-programacao-resultado-final-2","status":"publish","type":"post","link":"https:\/\/nute.ufsc.br\/uab\/2020\/10\/30\/selecao-de-estagiarios-programacao-resultado-final-2\/","title":{"rendered":"Sele\u00e7\u00e3o de Estagi\u00e1rios &#8211; Programa\u00e7\u00e3o: Resultado final"},"content":{"rendered":"<p>O Coordenador do N\u00facleo Universidade Aberta do Brasil, da Universidade Federal de Santa Catarina, torna p\u00fablico o resultado, da CHAMADA P\u00daBLICA 024\/2020, a fim de contratar Estagi\u00e1rios que atuar\u00e3o na Universidade Aberta do Brasil \u2013 UAB da UFSC.<\/p>\n<p><a href=\"https:\/\/uab.ufsc.br\/files\/2020\/10\/Edital_24-Resultado_final_assinado.pdf\" target=\"_blank\" rel=\"noopener\">Publica\u00e7\u00e3o: Resultado final \u2013 Edital n\u00ba24\/UAB\/SEAD\/UFSC\/2020.<\/a><\/p>\n","protected":false},"excerpt":{"rendered":"<p>O Coordenador do N\u00facleo Universidade Aberta do Brasil, da Universidade Federal de Santa Catarina, torna p\u00fablico o resultado, da CHAMADA P\u00daBLICA 024\/2020, a fim de contratar Estagi\u00e1rios que atuar\u00e3o na Universidade Aberta do Brasil \u2013 UAB da UFSC. Publica\u00e7\u00e3o: Resultado final \u2013 Edital n\u00ba24\/UAB\/SEAD\/UFSC\/2020.<\/p>\n","protected":false},"author":1,"featured_media":0,"comment_status":"closed","ping_status":"open","sticky":false,"template":"","format":"standard","meta":{"_et_pb_use_builder":"","_et_pb_old_content":"","_et_gb_content_width":"","inline_featured_image":false,"footnotes":""},"categories":[8,10],"tags":[],"class_list":["post-11515","post","type-post","status-publish","format-standard","hentry","category-destaque","category-editais"],"_links":{"self":[{"href":"https:\/\/nute.ufsc.br\/uab\/wp-json\/wp\/v2\/posts\/11515","targetHints":{"allow":["GET"]}}],"collection":[{"href":"https:\/\/nute.ufsc.br\/uab\/wp-json\/wp\/v2\/posts"}],"about":[{"href":"https:\/\/nute.ufsc.br\/uab\/wp-json\/wp\/v2\/types\/post"}],"author":[{"embeddable":true,"href":"https:\/\/nute.ufsc.br\/uab\/wp-json\/wp\/v2\/users\/1"}],"replies":[{"embeddable":true,"href":"https:\/\/nute.ufsc.br\/uab\/wp-json\/wp\/v2\/comments?post=11515"}],"version-history":[{"count":0,"href":"https:\/\/nute.ufsc.br\/uab\/wp-json\/wp\/v2\/posts\/11515\/revisions"}],"wp:attachment":[{"href":"https:\/\/nute.ufsc.br\/uab\/wp-json\/wp\/v2\/media?parent=11515"}],"wp:term":[{"taxonomy":"category","embeddable":true,"href":"https:\/\/nute.ufsc.br\/uab\/wp-json\/wp\/v2\/categories?post=11515"},{"taxonomy":"post_tag","embeddable":true,"href":"https:\/\/nute.ufsc.br\/uab\/wp-json\/wp\/v2\/tags?post=11515"}],"curies":[{"name":"wp","href":"https:\/\/api.w.org\/{rel}","templated":true}]}}