{"id":11431,"date":"2020-10-08T14:49:01","date_gmt":"2020-10-08T17:49:01","guid":{"rendered":"http:\/\/uab.ufsc.br\/?p=11431"},"modified":"2020-10-08T14:49:01","modified_gmt":"2020-10-08T17:49:01","slug":"selecao-de-estagiarios-programacao-inscricoes-abertas-2","status":"publish","type":"post","link":"https:\/\/nute.ufsc.br\/uab\/2020\/10\/08\/selecao-de-estagiarios-programacao-inscricoes-abertas-2\/","title":{"rendered":"Sele\u00e7\u00e3o de Estagi\u00e1rios &#8211; Programa\u00e7\u00e3o: Inscri\u00e7\u00f5es abertas"},"content":{"rendered":"<p>A Universidade Aberta do Brasil, da Universidade Federal de Santa Catarina (UFSC), torna p\u00fablica a presente chamada de abertura de inscri\u00e7\u00f5es, bem como as normas para a sele\u00e7\u00e3o de ESTAGI\u00c1RIOS, com a finalidade de desenvolver atividades nos cursos vinculados \u00e0 Universidade Aberta do Brasil (UAB\/UFSC) e \u00e0 Secretaria de Educa\u00e7\u00e3o a Dist\u00e2ncia &#8211; SEAD.<\/p>\n<p><a href=\"https:\/\/uab.ufsc.br\/files\/2020\/10\/Edital_assinado.pdf\" target=\"_blank\" rel=\"noopener\">Publica\u00e7\u00e3o: Edital n\u00ba 24\/UAB\/SEAD\/UFSC\/2020.<\/a><\/p>\n<p>Inscri\u00e7\u00f5es de 09 a 16 de outubro pelo link:\u00a0<a href=\"http:\/\/inscricoes.ufsc.br\/242020\" target=\"_blank\" rel=\"noopener\">http:\/\/inscricoes.ufsc.br\/242020<\/a>.<\/p>\n<p>&nbsp;<\/p>\n","protected":false},"excerpt":{"rendered":"<p>A Universidade Aberta do Brasil, da Universidade Federal de Santa Catarina (UFSC), torna p\u00fablica a presente chamada de abertura de inscri\u00e7\u00f5es, bem como as normas para a sele\u00e7\u00e3o de ESTAGI\u00c1RIOS, com a finalidade de desenvolver atividades nos cursos vinculados \u00e0 Universidade Aberta do Brasil (UAB\/UFSC) e \u00e0 Secretaria de Educa\u00e7\u00e3o a Dist\u00e2ncia &#8211; SEAD. Publica\u00e7\u00e3o: [&hellip;]<\/p>\n","protected":false},"author":1,"featured_media":0,"comment_status":"closed","ping_status":"open","sticky":false,"template":"","format":"standard","meta":{"_et_pb_use_builder":"","_et_pb_old_content":"","_et_gb_content_width":"","inline_featured_image":false,"footnotes":""},"categories":[8,10],"tags":[],"class_list":["post-11431","post","type-post","status-publish","format-standard","hentry","category-destaque","category-editais"],"_links":{"self":[{"href":"https:\/\/nute.ufsc.br\/uab\/wp-json\/wp\/v2\/posts\/11431","targetHints":{"allow":["GET"]}}],"collection":[{"href":"https:\/\/nute.ufsc.br\/uab\/wp-json\/wp\/v2\/posts"}],"about":[{"href":"https:\/\/nute.ufsc.br\/uab\/wp-json\/wp\/v2\/types\/post"}],"author":[{"embeddable":true,"href":"https:\/\/nute.ufsc.br\/uab\/wp-json\/wp\/v2\/users\/1"}],"replies":[{"embeddable":true,"href":"https:\/\/nute.ufsc.br\/uab\/wp-json\/wp\/v2\/comments?post=11431"}],"version-history":[{"count":0,"href":"https:\/\/nute.ufsc.br\/uab\/wp-json\/wp\/v2\/posts\/11431\/revisions"}],"wp:attachment":[{"href":"https:\/\/nute.ufsc.br\/uab\/wp-json\/wp\/v2\/media?parent=11431"}],"wp:term":[{"taxonomy":"category","embeddable":true,"href":"https:\/\/nute.ufsc.br\/uab\/wp-json\/wp\/v2\/categories?post=11431"},{"taxonomy":"post_tag","embeddable":true,"href":"https:\/\/nute.ufsc.br\/uab\/wp-json\/wp\/v2\/tags?post=11431"}],"curies":[{"name":"wp","href":"https:\/\/api.w.org\/{rel}","templated":true}]}}