{"id":11384,"date":"2020-09-25T19:15:16","date_gmt":"2020-09-25T22:15:16","guid":{"rendered":"http:\/\/uab.ufsc.br\/?p=11384"},"modified":"2020-09-25T19:15:16","modified_gmt":"2020-09-25T22:15:16","slug":"selecao-de-estagiarios-programacao-inscricoes-abertas","status":"publish","type":"post","link":"https:\/\/nute.ufsc.br\/uab\/2020\/09\/25\/selecao-de-estagiarios-programacao-inscricoes-abertas\/","title":{"rendered":"Sele\u00e7\u00e3o de Estagi\u00e1rios &#8211; Programa\u00e7\u00e3o: Inscri\u00e7\u00f5es abertas"},"content":{"rendered":"<p>A Universidade Aberta do Brasil, da Universidade Federal de Santa Catarina (UFSC), torna p\u00fablica a presente chamada de abertura de inscri\u00e7\u00f5es, bem como as normas para a sele\u00e7\u00e3o de ESTAGI\u00c1RIOS, com a finalidade de desenvolver atividades nos cursos vinculados \u00e0 Universidade Aberta do Brasil (UAB\/UFSC) e \u00e0 Secretaria de Educa\u00e7\u00e3o a Dist\u00e2ncia &#8211; SEAD.<\/p>\n<p><a href=\"https:\/\/uab.ufsc.br\/files\/2020\/09\/1-Edital-programador_assinado.pdf\" target=\"_blank\" rel=\"noopener\">Publica\u00e7\u00e3o: Edital n\u00ba 22\/UAB\/SEAD\/UFSC\/2020.<\/a><\/p>\n<p>Inscri\u00e7\u00f5es de 26 de setembro a 02 de outubro atrav\u00e9s do link:\u00a0<a href=\"http:\/\/inscricoes.ufsc.br\/222020\" target=\"_blank\" rel=\"noopener\">http:\/\/inscricoes.ufsc.br\/222020<\/a>.<\/p>\n","protected":false},"excerpt":{"rendered":"<p>A Universidade Aberta do Brasil, da Universidade Federal de Santa Catarina (UFSC), torna p\u00fablica a presente chamada de abertura de inscri\u00e7\u00f5es, bem como as normas para a sele\u00e7\u00e3o de ESTAGI\u00c1RIOS, com a finalidade de desenvolver atividades nos cursos vinculados \u00e0 Universidade Aberta do Brasil (UAB\/UFSC) e \u00e0 Secretaria de Educa\u00e7\u00e3o a Dist\u00e2ncia &#8211; SEAD. Publica\u00e7\u00e3o: [&hellip;]<\/p>\n","protected":false},"author":1,"featured_media":0,"comment_status":"closed","ping_status":"open","sticky":false,"template":"","format":"standard","meta":{"_et_pb_use_builder":"","_et_pb_old_content":"","_et_gb_content_width":"","inline_featured_image":false,"footnotes":""},"categories":[8,10],"tags":[],"class_list":["post-11384","post","type-post","status-publish","format-standard","hentry","category-destaque","category-editais"],"_links":{"self":[{"href":"https:\/\/nute.ufsc.br\/uab\/wp-json\/wp\/v2\/posts\/11384","targetHints":{"allow":["GET"]}}],"collection":[{"href":"https:\/\/nute.ufsc.br\/uab\/wp-json\/wp\/v2\/posts"}],"about":[{"href":"https:\/\/nute.ufsc.br\/uab\/wp-json\/wp\/v2\/types\/post"}],"author":[{"embeddable":true,"href":"https:\/\/nute.ufsc.br\/uab\/wp-json\/wp\/v2\/users\/1"}],"replies":[{"embeddable":true,"href":"https:\/\/nute.ufsc.br\/uab\/wp-json\/wp\/v2\/comments?post=11384"}],"version-history":[{"count":0,"href":"https:\/\/nute.ufsc.br\/uab\/wp-json\/wp\/v2\/posts\/11384\/revisions"}],"wp:attachment":[{"href":"https:\/\/nute.ufsc.br\/uab\/wp-json\/wp\/v2\/media?parent=11384"}],"wp:term":[{"taxonomy":"category","embeddable":true,"href":"https:\/\/nute.ufsc.br\/uab\/wp-json\/wp\/v2\/categories?post=11384"},{"taxonomy":"post_tag","embeddable":true,"href":"https:\/\/nute.ufsc.br\/uab\/wp-json\/wp\/v2\/tags?post=11384"}],"curies":[{"name":"wp","href":"https:\/\/api.w.org\/{rel}","templated":true}]}}