{"id":11095,"date":"2020-07-07T21:12:24","date_gmt":"2020-07-08T00:12:24","guid":{"rendered":"http:\/\/uab.ufsc.br\/?p=11095"},"modified":"2020-07-07T21:12:24","modified_gmt":"2020-07-08T00:12:24","slug":"selecao-de-professor-conteudista-resultado-final-5","status":"publish","type":"post","link":"https:\/\/nute.ufsc.br\/uab\/2020\/07\/07\/selecao-de-professor-conteudista-resultado-final-5\/","title":{"rendered":"Sele\u00e7\u00e3o de Professor Conteudista &#8211; Resultado Final"},"content":{"rendered":"<p>O Coordenador do N\u00facleo Universidade Aberta do Brasil, da Universidade Federal de Santa Catarina, torna p\u00fablico o resultado final da CHAMADA P\u00daBLICA 015\/2020, para forma\u00e7\u00e3o de cadastro reserva de profissionais para a atua\u00e7\u00e3o como bolsista UAB\/CAPES, na fun\u00e7\u00e3o de Professor Conteudista, da Forma\u00e7\u00e3o da Equipe Multidisciplinar, executado pelo N\u00facleo UAB\/UFSC.<\/p>\n<p><!--more--><\/p>\n<p><a href=\"http:\/\/nute.ufsc.br\/uab\/wp-content\/uploads\/2020\/07\/015-2020-Resultado-final-1.pdf\">Publica\u00e7\u00e3o: Resultado Final &#8211; Edital n\u00ba 15\/UAB\/SEAD\/UFSC\/2020<\/a><\/p>\n","protected":false},"excerpt":{"rendered":"<p>O Coordenador do N\u00facleo Universidade Aberta do Brasil, da Universidade Federal de Santa Catarina, torna p\u00fablico o resultado final da CHAMADA P\u00daBLICA 015\/2020, para forma\u00e7\u00e3o de cadastro reserva de profissionais para a atua\u00e7\u00e3o como bolsista UAB\/CAPES, na fun\u00e7\u00e3o de Professor Conteudista, da Forma\u00e7\u00e3o da Equipe Multidisciplinar, executado pelo N\u00facleo UAB\/UFSC.<\/p>\n","protected":false},"author":1,"featured_media":0,"comment_status":"closed","ping_status":"open","sticky":false,"template":"","format":"standard","meta":{"_et_pb_use_builder":"","_et_pb_old_content":"","_et_gb_content_width":"","inline_featured_image":false,"footnotes":""},"categories":[8,10,19],"tags":[],"class_list":["post-11095","post","type-post","status-publish","format-standard","hentry","category-destaque","category-editais","category-noticias"],"_links":{"self":[{"href":"https:\/\/nute.ufsc.br\/uab\/wp-json\/wp\/v2\/posts\/11095","targetHints":{"allow":["GET"]}}],"collection":[{"href":"https:\/\/nute.ufsc.br\/uab\/wp-json\/wp\/v2\/posts"}],"about":[{"href":"https:\/\/nute.ufsc.br\/uab\/wp-json\/wp\/v2\/types\/post"}],"author":[{"embeddable":true,"href":"https:\/\/nute.ufsc.br\/uab\/wp-json\/wp\/v2\/users\/1"}],"replies":[{"embeddable":true,"href":"https:\/\/nute.ufsc.br\/uab\/wp-json\/wp\/v2\/comments?post=11095"}],"version-history":[{"count":0,"href":"https:\/\/nute.ufsc.br\/uab\/wp-json\/wp\/v2\/posts\/11095\/revisions"}],"wp:attachment":[{"href":"https:\/\/nute.ufsc.br\/uab\/wp-json\/wp\/v2\/media?parent=11095"}],"wp:term":[{"taxonomy":"category","embeddable":true,"href":"https:\/\/nute.ufsc.br\/uab\/wp-json\/wp\/v2\/categories?post=11095"},{"taxonomy":"post_tag","embeddable":true,"href":"https:\/\/nute.ufsc.br\/uab\/wp-json\/wp\/v2\/tags?post=11095"}],"curies":[{"name":"wp","href":"https:\/\/api.w.org\/{rel}","templated":true}]}}