{"id":10588,"date":"2020-03-05T09:51:15","date_gmt":"2020-03-05T12:51:15","guid":{"rendered":"http:\/\/uab.ufsc.br\/?p=10588"},"modified":"2020-03-05T09:51:15","modified_gmt":"2020-03-05T12:51:15","slug":"conteudista-adm-10-20","status":"publish","type":"post","link":"https:\/\/nute.ufsc.br\/uab\/2020\/03\/05\/conteudista-adm-10-20\/","title":{"rendered":"Sele\u00e7\u00e3o de Professor Conteudista: Inscri\u00e7\u00f5es Abertas"},"content":{"rendered":"<p>O Coordenador Adjunto da Universidade Aberta do Brasil (UAB), da Universidade Federal de Santa Catarina (UFSC), torna p\u00fablica a abertura das inscri\u00e7\u00f5es e as normas que reger\u00e3o o Processo Seletivo para forma\u00e7\u00e3o de cadastro reserva de profissionais para a atua\u00e7\u00e3o como bolsista UAB\/CAPES, na fun\u00e7\u00e3o de <strong>Professor Conteudista<\/strong>, da Forma\u00e7\u00e3o da Equipe Multidisciplinar, executado pelo N\u00facleo UAB\/UFSC.<\/p>\n<p><!--more-->\u00c9 requisito possuir experi\u00eancia profissional em EAD e conhecimento na plataforma <em>Moodle<\/em>.<\/p>\n<p>O formul\u00e1rio de inscri\u00e7\u00f5es dever\u00e1 ser preenchido at\u00e9 o dia 05 de abril de 2020, somente pela internet, no endere\u00e7o:\u00a0<a href=\"http:\/\/inscricoes.ufsc.br\/prof-conteudista-10-20\">http:\/\/inscricoes.ufsc.br\/prof-conteudista-10-20<\/a>,<\/p>\n<p><a href=\"http:\/\/nute.ufsc.br\/uab\/wp-content\/uploads\/2020\/03\/35078712915867026146183.pdf\">Acesse aqui o conte\u00fado do Edital n\u00ba 010\/UAB\/SEAD\/UFSC\/2020.<\/a><\/p>\n","protected":false},"excerpt":{"rendered":"<p>O Coordenador Adjunto da Universidade Aberta do Brasil (UAB), da Universidade Federal de Santa Catarina (UFSC), torna p\u00fablica a abertura das inscri\u00e7\u00f5es e as normas que reger\u00e3o o Processo Seletivo para forma\u00e7\u00e3o de cadastro reserva de profissionais para a atua\u00e7\u00e3o como bolsista UAB\/CAPES, na fun\u00e7\u00e3o de Professor Conteudista, da Forma\u00e7\u00e3o da Equipe Multidisciplinar, executado pelo [&hellip;]<\/p>\n","protected":false},"author":1,"featured_media":0,"comment_status":"closed","ping_status":"open","sticky":false,"template":"","format":"standard","meta":{"_et_pb_use_builder":"","_et_pb_old_content":"","_et_gb_content_width":"","inline_featured_image":false,"footnotes":""},"categories":[10],"tags":[],"class_list":["post-10588","post","type-post","status-publish","format-standard","hentry","category-editais"],"_links":{"self":[{"href":"https:\/\/nute.ufsc.br\/uab\/wp-json\/wp\/v2\/posts\/10588","targetHints":{"allow":["GET"]}}],"collection":[{"href":"https:\/\/nute.ufsc.br\/uab\/wp-json\/wp\/v2\/posts"}],"about":[{"href":"https:\/\/nute.ufsc.br\/uab\/wp-json\/wp\/v2\/types\/post"}],"author":[{"embeddable":true,"href":"https:\/\/nute.ufsc.br\/uab\/wp-json\/wp\/v2\/users\/1"}],"replies":[{"embeddable":true,"href":"https:\/\/nute.ufsc.br\/uab\/wp-json\/wp\/v2\/comments?post=10588"}],"version-history":[{"count":0,"href":"https:\/\/nute.ufsc.br\/uab\/wp-json\/wp\/v2\/posts\/10588\/revisions"}],"wp:attachment":[{"href":"https:\/\/nute.ufsc.br\/uab\/wp-json\/wp\/v2\/media?parent=10588"}],"wp:term":[{"taxonomy":"category","embeddable":true,"href":"https:\/\/nute.ufsc.br\/uab\/wp-json\/wp\/v2\/categories?post=10588"},{"taxonomy":"post_tag","embeddable":true,"href":"https:\/\/nute.ufsc.br\/uab\/wp-json\/wp\/v2\/tags?post=10588"}],"curies":[{"name":"wp","href":"https:\/\/api.w.org\/{rel}","templated":true}]}}