{"id":10341,"date":"2020-01-27T11:20:01","date_gmt":"2020-01-27T14:20:01","guid":{"rendered":"http:\/\/uab.ufsc.br\/?p=10341"},"modified":"2020-01-27T11:20:01","modified_gmt":"2020-01-27T14:20:01","slug":"10341","status":"publish","type":"post","link":"https:\/\/nute.ufsc.br\/uab\/2020\/01\/27\/10341\/","title":{"rendered":"Sele\u00e7\u00e3o de Tutor a Dist\u00e2ncia: Letras Portugu\u00eas"},"content":{"rendered":"<p>O Coordenador da Universidade Aberta do Brasil, da Universidade Federal de Santa Catarina, no uso de suas atribui\u00e7\u00f5es legais, torna p\u00fablica a abertura das inscri\u00e7\u00f5es e as normas que reger\u00e3o o Processo Seletivo com vistas \u00e0 forma\u00e7\u00e3o de cadastro reserva para contrata\u00e7\u00e3o tempor\u00e1ria de Tutores para atuar em curso do Programa Universidade Aberta do Brasil \u2013 UAB da Universidade Federal de Santa Catarina.<\/p>\n<p><!--more--><\/p>\n<p>As vagas est\u00e3o abertas para atuar nas seguintes disciplinas:<\/p>\n<ul>\n<li>LITERATURA E ENSINO I<\/li>\n<li>LINGU\u00cdSTICA APLICADA: ENSINO E APRENDIZAGEM DE L\u00cdNGUA MATERNA I<\/li>\n<li>L\u00cdNGUA E ENSINO I<\/li>\n<\/ul>\n<p>Para concorrer, o candidato deve preencher formul\u00e1rio eletr\u00f4nico no site:\u00a0<a href=\"http:\/\/inscricoes.ufsc.br\/td-02-2020\"><\/a><a href=\"http:\/\/inscricoes.ufsc.br\/td-portugues-04-2020\">http:\/\/inscricoes.ufsc.br\/td-portugues-04-2020<\/a>. at\u00e9 o dia 27 de fevereiro de 2020.<\/p>\n<p><a href=\"https:\/\/uab.ufsc.br\/files\/2020\/01\/Edital-05-2020-TD-Letras-1a-ret1.pdf\" target=\"_blank\" rel=\"noopener\">Acesse aqui o conte\u00fado do Edital n\u00ba 005\/UAB\/SEAD\/UFSC\/2020 (1\u00aa retifica\u00e7\u00e3o em 04\/02\/2020 \u00e0s 10h35).<\/a><\/p>\n<p><a href=\"https:\/\/uab.ufsc.br\/files\/2020\/01\/Portaria-044.2019-UAB.SEAD_.UFSC-Comiss%c3%a3o-Avaliadora-Edital-02-2020-Tutor-Letras-assinado.pdf\" target=\"_blank\" rel=\"noopener\">Portaria 044.2019 UAB.SEAD.UFSC &#8211; Comiss\u00e3o Avaliadora Edital 002-2020.<\/a><\/p>\n","protected":false},"excerpt":{"rendered":"<p>O Coordenador da Universidade Aberta do Brasil, da Universidade Federal de Santa Catarina, no uso de suas atribui\u00e7\u00f5es legais, torna p\u00fablica a abertura das inscri\u00e7\u00f5es e as normas que reger\u00e3o o Processo Seletivo com vistas \u00e0 forma\u00e7\u00e3o de cadastro reserva para contrata\u00e7\u00e3o tempor\u00e1ria de Tutores para atuar em curso do Programa Universidade Aberta do Brasil [&hellip;]<\/p>\n","protected":false},"author":1,"featured_media":0,"comment_status":"closed","ping_status":"open","sticky":false,"template":"","format":"standard","meta":{"_et_pb_use_builder":"","_et_pb_old_content":"","_et_gb_content_width":"","inline_featured_image":false,"footnotes":""},"categories":[8,10],"tags":[],"class_list":["post-10341","post","type-post","status-publish","format-standard","hentry","category-destaque","category-editais"],"_links":{"self":[{"href":"https:\/\/nute.ufsc.br\/uab\/wp-json\/wp\/v2\/posts\/10341","targetHints":{"allow":["GET"]}}],"collection":[{"href":"https:\/\/nute.ufsc.br\/uab\/wp-json\/wp\/v2\/posts"}],"about":[{"href":"https:\/\/nute.ufsc.br\/uab\/wp-json\/wp\/v2\/types\/post"}],"author":[{"embeddable":true,"href":"https:\/\/nute.ufsc.br\/uab\/wp-json\/wp\/v2\/users\/1"}],"replies":[{"embeddable":true,"href":"https:\/\/nute.ufsc.br\/uab\/wp-json\/wp\/v2\/comments?post=10341"}],"version-history":[{"count":0,"href":"https:\/\/nute.ufsc.br\/uab\/wp-json\/wp\/v2\/posts\/10341\/revisions"}],"wp:attachment":[{"href":"https:\/\/nute.ufsc.br\/uab\/wp-json\/wp\/v2\/media?parent=10341"}],"wp:term":[{"taxonomy":"category","embeddable":true,"href":"https:\/\/nute.ufsc.br\/uab\/wp-json\/wp\/v2\/categories?post=10341"},{"taxonomy":"post_tag","embeddable":true,"href":"https:\/\/nute.ufsc.br\/uab\/wp-json\/wp\/v2\/tags?post=10341"}],"curies":[{"name":"wp","href":"https:\/\/api.w.org\/{rel}","templated":true}]}}